{"id":234,"date":"2014-09-22T20:31:53","date_gmt":"2014-09-22T20:31:53","guid":{"rendered":"http:\/\/www.wir-voerdern-basketball.de\/?p=234"},"modified":"2014-09-24T11:30:02","modified_gmt":"2014-09-24T11:30:02","slug":"ennepetal-mittendrin-fv-ist-dabei","status":"publish","type":"post","link":"https:\/\/www.wir-voerdern-basketball.de\/?p=234","title":{"rendered":"ENNEPETAL mittendrin &#8211; FV ist dabei!"},"content":{"rendered":"<p>Hallo zusammen,<\/p>\n<p>am 27. und 28. September hat der F\u00f6rderverein einen Bierstand bei ENNEPETAL mittendrin &#8211; die neue Stadtfete.<\/p>\n<p>Die 1. Damen stehen uns dabei tatkr\u00e4ftig zur Seite, daf\u00fcr an dieser Stelle schon einmal vielen Dank.<\/p>\n<p>Kommt vorbei und unterst\u00fctzt uns &#8211; wir freuen uns, mit Euch anzusto\u00dfen!<\/p>\n<p>Hier der Flyer f\u00fcr <a href=\"https:\/\/www.wir-voerdern-basketball.de\/wp-content\/uploads\/2014\/09\/Ennepetal-mittendrin.pdf\">Ennepetal mittendrin<\/a> .<\/p>\n<p>Bis dahin,<\/p>\n<p>Svenja &amp; Enja<\/p>\n<p>&nbsp;<\/p>\n<p>&nbsp;<\/p>\n","protected":false},"excerpt":{"rendered":"<p>Hallo zusammen, am 27. und 28. September hat der F\u00f6rderverein einen Bierstand bei ENNEPETAL mittendrin &#8211; die neue Stadtfete. Die 1. Damen stehen uns dabei tatkr\u00e4ftig zur Seite, daf\u00fcr an dieser Stelle schon einmal vielen Dank. Kommt vorbei und unterst\u00fctzt uns &#8211; wir freuen uns, mit Euch anzusto\u00dfen! Hier der Flyer f\u00fcr Ennepetal mittendrin . [&hellip;]<\/p>\n","protected":false},"author":2,"featured_media":0,"comment_status":"closed","ping_status":"closed","sticky":false,"template":"","format":"standard","meta":{"footnotes":""},"categories":[1],"tags":[],"_links":{"self":[{"href":"https:\/\/www.wir-voerdern-basketball.de\/index.php?rest_route=\/wp\/v2\/posts\/234"}],"collection":[{"href":"https:\/\/www.wir-voerdern-basketball.de\/index.php?rest_route=\/wp\/v2\/posts"}],"about":[{"href":"https:\/\/www.wir-voerdern-basketball.de\/index.php?rest_route=\/wp\/v2\/types\/post"}],"author":[{"embeddable":true,"href":"https:\/\/www.wir-voerdern-basketball.de\/index.php?rest_route=\/wp\/v2\/users\/2"}],"replies":[{"embeddable":true,"href":"https:\/\/www.wir-voerdern-basketball.de\/index.php?rest_route=%2Fwp%2Fv2%2Fcomments&post=234"}],"version-history":[{"count":5,"href":"https:\/\/www.wir-voerdern-basketball.de\/index.php?rest_route=\/wp\/v2\/posts\/234\/revisions"}],"predecessor-version":[{"id":240,"href":"https:\/\/www.wir-voerdern-basketball.de\/index.php?rest_route=\/wp\/v2\/posts\/234\/revisions\/240"}],"wp:attachment":[{"href":"https:\/\/www.wir-voerdern-basketball.de\/index.php?rest_route=%2Fwp%2Fv2%2Fmedia&parent=234"}],"wp:term":[{"taxonomy":"category","embeddable":true,"href":"https:\/\/www.wir-voerdern-basketball.de\/index.php?rest_route=%2Fwp%2Fv2%2Fcategories&post=234"},{"taxonomy":"post_tag","embeddable":true,"href":"https:\/\/www.wir-voerdern-basketball.de\/index.php?rest_route=%2Fwp%2Fv2%2Ftags&post=234"}],"curies":[{"name":"wp","href":"https:\/\/api.w.org\/{rel}","templated":true}]}}