{"id":491,"date":"2019-06-02T09:16:31","date_gmt":"2019-06-02T09:16:31","guid":{"rendered":"http:\/\/www.wir-voerdern-basketball.de\/?p=491"},"modified":"2021-02-10T08:41:26","modified_gmt":"2021-02-10T08:41:26","slug":"basketballmaedchen-feiern-saisonabschluss-im-sprungwerk-in-hagen","status":"publish","type":"post","link":"https:\/\/www.wir-voerdern-basketball.de\/?p=491","title":{"rendered":"Basketballm\u00e4dchen feiern Saisonabschluss im &#8222;Sprungwerk&#8220; in Hagen"},"content":{"rendered":"\n<figure class=\"wp-block-image size-medium\"><img loading=\"lazy\" decoding=\"async\" width=\"300\" height=\"225\" src=\"https:\/\/www.wir-voerdern-basketball.de\/wp-content\/uploads\/2019\/06\/20190518_132547-300x225.jpg\" alt=\"\" class=\"wp-image-492\" srcset=\"https:\/\/www.wir-voerdern-basketball.de\/wp-content\/uploads\/2019\/06\/20190518_132547-300x225.jpg 300w, https:\/\/www.wir-voerdern-basketball.de\/wp-content\/uploads\/2019\/06\/20190518_132547-768x576.jpg 768w, https:\/\/www.wir-voerdern-basketball.de\/wp-content\/uploads\/2019\/06\/20190518_132547-1024x768.jpg 1024w\" sizes=\"(max-width: 300px) 100vw, 300px\" \/><figcaption>Ersch\u00f6pft, aber gl\u00fccklich &#8211; die M\u00e4dchen mit ihrer Trainerin Jenni im &#8222;Sprungwerk&#8220;<\/figcaption><\/figure>\n\n\n\n<p>Der weibliche Nachwuchs der TG Voerde feierte den Abschluss der ersten gemeinsamen Saison mit einem Ausflug in die Trampolinhalle &#8222;Sprungwerk&#8220; in Hagen. Der F\u00f6rderverein freut sich, euch unterst\u00fctzt zu haben!<\/p>\n\n\n\n<p><strong>Hier der Bericht der Trainer:<\/strong><\/p>\n\n\n\n<p>Nach einer anstrengenden Saison mit vielen H\u00f6hen und Tiefen, wollten die M\u00e4dchen der Abteilung dieses Wochenende auch Ihren pers\u00f6nlichen Abschluss feiern. Nachdem man vorherige Woche schon zusammen mit der ganzen Abteilung gefeiert hatte, stand nun das mannschaftinterne Event auf dem Programm. Das Ziel stand schnell fest und so wurde ein Tag im Sprungwerk in Hagen geplant. Nach einer 90-min\u00fctigen Spring-Session, sowie nach dem Verschlingen des \u201eall you can eat\u201c Buffet, sah man die Zufriedenheit in allen Gesichtern. Bei strahlendem Sonnenschein wurde dann drau\u00dfen noch ein bisschen gequatscht und gespielt, bis letztendlich die letzte abgeholt wurde. Nachdem dann offiziell die Saison abgeschlossen war, konnte man am darauffolgenden Tag sofort auf dem Jugendtunier der Abteilung die neue Saison mit vollem Erfolg einl\u00e4uten.<\/p>\n\n\n\n<p><strong>Unser erstes Dankesch\u00f6n geht zum einen an\ndie Eltern der M\u00e4dchen, die uns die Saison \u00fcber begleitet haben und sich um\nCafeteria, Sachspenden, Fahrdienste, Trikotw\u00e4sche und diverse andere Angelegenheiten\ngek\u00fcmmert haben.<\/strong><\/p>\n\n\n\n<p><strong>Zum anderen gilt unser zweiter Dank  dem F\u00f6rderverein der TG Voerde Basketball Abteilung, ohne dessen finanzielle Unterst\u00fctzung das ganze Abschlussevent finanziell nicht h\u00e4tte stattfinden k\u00f6nnen.<br> <br> Vielen lieben Dank f\u00fcr die gro\u00dfartige Saison.<\/strong><\/p>\n\n\n\n<p>Euer\nTrainergespann <\/p>\n\n\n\n<p>Jan, Eric und Jenni<\/p>\n\n\n\n<p><\/p>\n\n\n\n<figure class=\"wp-block-image size-medium\"><img loading=\"lazy\" decoding=\"async\" width=\"300\" height=\"297\" src=\"https:\/\/www.wir-voerdern-basketball.de\/wp-content\/uploads\/2019\/06\/Tunier-Foto-e1559466880684-300x297.jpg\" alt=\"\" class=\"wp-image-494\" srcset=\"https:\/\/www.wir-voerdern-basketball.de\/wp-content\/uploads\/2019\/06\/Tunier-Foto-e1559466880684-300x297.jpg 300w, https:\/\/www.wir-voerdern-basketball.de\/wp-content\/uploads\/2019\/06\/Tunier-Foto-e1559466880684-150x150.jpg 150w, https:\/\/www.wir-voerdern-basketball.de\/wp-content\/uploads\/2019\/06\/Tunier-Foto-e1559466880684-768x760.jpg 768w, https:\/\/www.wir-voerdern-basketball.de\/wp-content\/uploads\/2019\/06\/Tunier-Foto-e1559466880684-1024x1014.jpg 1024w, https:\/\/www.wir-voerdern-basketball.de\/wp-content\/uploads\/2019\/06\/Tunier-Foto-e1559466880684-144x144.jpg 144w, https:\/\/www.wir-voerdern-basketball.de\/wp-content\/uploads\/2019\/06\/Tunier-Foto-e1559466880684.jpg 1200w\" sizes=\"(max-width: 300px) 100vw, 300px\" \/><figcaption>Die j\u00fcngste, weibliche Vertretung der TG Voerde Basketball &#8211; hier beim Jugendturnier am 19.05.19 im Reichenbach-Gymnasium<\/figcaption><\/figure>\n\n\n\n<h2 class=\"wp-block-heading\"><\/h2>\n","protected":false},"excerpt":{"rendered":"<p>Der weibliche Nachwuchs der TG Voerde feierte den Abschluss der ersten gemeinsamen Saison mit einem Ausflug in die Trampolinhalle &#8222;Sprungwerk&#8220; in Hagen. Der F\u00f6rderverein freut sich, euch unterst\u00fctzt zu haben! Hier der Bericht der Trainer: Nach einer anstrengenden Saison mit vielen H\u00f6hen und Tiefen, wollten die M\u00e4dchen der Abteilung dieses Wochenende auch Ihren pers\u00f6nlichen Abschluss [&hellip;]<\/p>\n","protected":false},"author":2,"featured_media":0,"comment_status":"closed","ping_status":"closed","sticky":false,"template":"","format":"standard","meta":{"footnotes":""},"categories":[1],"tags":[],"_links":{"self":[{"href":"https:\/\/www.wir-voerdern-basketball.de\/index.php?rest_route=\/wp\/v2\/posts\/491"}],"collection":[{"href":"https:\/\/www.wir-voerdern-basketball.de\/index.php?rest_route=\/wp\/v2\/posts"}],"about":[{"href":"https:\/\/www.wir-voerdern-basketball.de\/index.php?rest_route=\/wp\/v2\/types\/post"}],"author":[{"embeddable":true,"href":"https:\/\/www.wir-voerdern-basketball.de\/index.php?rest_route=\/wp\/v2\/users\/2"}],"replies":[{"embeddable":true,"href":"https:\/\/www.wir-voerdern-basketball.de\/index.php?rest_route=%2Fwp%2Fv2%2Fcomments&post=491"}],"version-history":[{"count":6,"href":"https:\/\/www.wir-voerdern-basketball.de\/index.php?rest_route=\/wp\/v2\/posts\/491\/revisions"}],"predecessor-version":[{"id":535,"href":"https:\/\/www.wir-voerdern-basketball.de\/index.php?rest_route=\/wp\/v2\/posts\/491\/revisions\/535"}],"wp:attachment":[{"href":"https:\/\/www.wir-voerdern-basketball.de\/index.php?rest_route=%2Fwp%2Fv2%2Fmedia&parent=491"}],"wp:term":[{"taxonomy":"category","embeddable":true,"href":"https:\/\/www.wir-voerdern-basketball.de\/index.php?rest_route=%2Fwp%2Fv2%2Fcategories&post=491"},{"taxonomy":"post_tag","embeddable":true,"href":"https:\/\/www.wir-voerdern-basketball.de\/index.php?rest_route=%2Fwp%2Fv2%2Ftags&post=491"}],"curies":[{"name":"wp","href":"https:\/\/api.w.org\/{rel}","templated":true}]}}