{"id":636,"date":"2025-03-17T21:26:52","date_gmt":"2025-03-17T21:26:52","guid":{"rendered":"https:\/\/www.wir-voerdern-basketball.de\/?p=636"},"modified":"2025-03-17T21:26:52","modified_gmt":"2025-03-17T21:26:52","slug":"absage-der-jahresmitgliederversammlung-am-18-03-2025","status":"publish","type":"post","link":"https:\/\/www.wir-voerdern-basketball.de\/?p=636","title":{"rendered":"Absage der Jahresmitgliederversammlung am 18.03.2025"},"content":{"rendered":"\n<p>Liebe Mitglieder des F\u00f6rdervereins,<\/p>\n\n\n\n<p>leider m\u00fcssen wir aus terminlichen Gr\u00fcnden die Sitzung morgen, am Dienstag, den 18.03.2025 um 19.00 Uhr, verschieben. Ein neuer Termin steht noch nicht fest, wird aber wegen der im April liegenden Osterferien vorausscihtlich im Mai liegen.<\/p>\n\n\n\n<p>Wir bitten um Verst\u00e4ndnis f\u00fcr diese organisatorische Verlegung.<\/p>\n\n\n\n<p>Herzliche Gr\u00fc\u00dfe<\/p>\n\n\n\n<p>Antje, Philipp und Alexandra<\/p>\n","protected":false},"excerpt":{"rendered":"<p>Liebe Mitglieder des F\u00f6rdervereins, leider m\u00fcssen wir aus terminlichen Gr\u00fcnden die Sitzung morgen, am Dienstag, den 18.03.2025 um 19.00 Uhr, verschieben. Ein neuer Termin steht noch nicht fest, wird aber wegen der im April liegenden Osterferien vorausscihtlich im Mai liegen. Wir bitten um Verst\u00e4ndnis f\u00fcr diese organisatorische Verlegung. Herzliche Gr\u00fc\u00dfe Antje, Philipp und Alexandra<\/p>\n","protected":false},"author":2,"featured_media":0,"comment_status":"closed","ping_status":"closed","sticky":false,"template":"","format":"standard","meta":{"footnotes":""},"categories":[1],"tags":[],"_links":{"self":[{"href":"https:\/\/www.wir-voerdern-basketball.de\/index.php?rest_route=\/wp\/v2\/posts\/636"}],"collection":[{"href":"https:\/\/www.wir-voerdern-basketball.de\/index.php?rest_route=\/wp\/v2\/posts"}],"about":[{"href":"https:\/\/www.wir-voerdern-basketball.de\/index.php?rest_route=\/wp\/v2\/types\/post"}],"author":[{"embeddable":true,"href":"https:\/\/www.wir-voerdern-basketball.de\/index.php?rest_route=\/wp\/v2\/users\/2"}],"replies":[{"embeddable":true,"href":"https:\/\/www.wir-voerdern-basketball.de\/index.php?rest_route=%2Fwp%2Fv2%2Fcomments&post=636"}],"version-history":[{"count":1,"href":"https:\/\/www.wir-voerdern-basketball.de\/index.php?rest_route=\/wp\/v2\/posts\/636\/revisions"}],"predecessor-version":[{"id":637,"href":"https:\/\/www.wir-voerdern-basketball.de\/index.php?rest_route=\/wp\/v2\/posts\/636\/revisions\/637"}],"wp:attachment":[{"href":"https:\/\/www.wir-voerdern-basketball.de\/index.php?rest_route=%2Fwp%2Fv2%2Fmedia&parent=636"}],"wp:term":[{"taxonomy":"category","embeddable":true,"href":"https:\/\/www.wir-voerdern-basketball.de\/index.php?rest_route=%2Fwp%2Fv2%2Fcategories&post=636"},{"taxonomy":"post_tag","embeddable":true,"href":"https:\/\/www.wir-voerdern-basketball.de\/index.php?rest_route=%2Fwp%2Fv2%2Ftags&post=636"}],"curies":[{"name":"wp","href":"https:\/\/api.w.org\/{rel}","templated":true}]}}